{"id":21092,"date":"2022-04-01T10:31:16","date_gmt":"2022-04-01T10:31:16","guid":{"rendered":"http:\/\/www.tele9.es\/telealzira\/?p=21092"},"modified":"2022-04-01T10:31:18","modified_gmt":"2022-04-01T10:31:18","slug":"el-9-dabril-el-psoe-dalzira-elegira-al-secretari-a-general","status":"publish","type":"post","link":"http:\/\/www.tele9.es\/telealzira\/2022\/04\/01\/el-9-dabril-el-psoe-dalzira-elegira-al-secretari-a-general\/","title":{"rendered":"El 9 d\u2019abril el PSOE d\u2019Alzira elegir\u00e0 al Secretari\/a General"},"content":{"rendered":"\n<h2><strong>El <a href=\"https:\/\/m.facebook.com\/profile.php?id=100069148151797&amp;locale=es_ES&amp;_rdr\">PSOE d\u2019Alzira <\/a>elegir\u00e0 al proxim Secretari\/a General el proper 9 d\u2019abril<\/strong><\/h2>\n\n\n\n<ul><li><strong><a href=\"https:\/\/twitter.com\/fernando_pas\">Fernando Pascual<\/a>, es va acomiadar del seu c\u00e0rrec, tamb\u00e9 va manifestar de la seua\u00a0 decisi\u00f3 de no formar part de cap c\u00e0rrec organitzatiu encar\u00e0 que seguir\u00e0 al partit com un militant m\u00e9s<\/strong><\/li><\/ul>\n\n\n\n<p><strong> L\u2019Executiva alzirenya va decidir en reuni\u00f3 extraordin\u00e0ria que l\u2019assemblea per triar la Secretaria General i la nova executiva siga el proper dissabte 9 d\u2019abril. L\u2019elecci\u00f3 del nou<a href=\"https:\/\/m.facebook.com\/profile.php?id=100069148151797&amp;locale=es_ES&amp;_rdr\"> l\u00edder del PSOE alzireny <\/a>es realitzar\u00e0 a la seu local.<\/strong><\/p>\n\n\n\n<p><strong>La decisi\u00f3 va estar aprovada per majoria absoluta amb 9 vots a favor, un en contra i una abstenci\u00f3. A la reuni\u00f3 l\u2019actual President del partit,<a href=\"https:\/\/twitter.com\/fernando_pas\"> Fernando Pascual<\/a>, es va acomiadar del seu c\u00e0rrec, tamb\u00e9 va manifestar de la seua\u00a0 decisi\u00f3 de no formar part de cap c\u00e0rrec organitzatiu encar\u00e0 que seguir\u00e0 al partit com un militant m\u00e9s. Els assistents van agrair a <a href=\"https:\/\/twitter.com\/fernando_pas\">Pascual<\/a> la seua llavor al partit amb una forta ovaci\u00f3 d\u2019acomiadament.<\/strong><\/p>\n\n\n\n<p><strong>La Secret\u00e0ria General, Isabel Aguilar, i el Secretari d\u2019Organitzaci\u00f3, Salva Roses, van empla\u00e7ar als militants al proper 9 d\u2019abril a votar la nova Executa local i la Secretaria General per seguir\u00a0 treballant en el projecte socialista i de cara a les eleccions municipals de 2023. A l\u2019assemblea tamb\u00e9 es presentar\u00e0 per a la seua aprovaci\u00f3 la mem\u00f2ria de gesti\u00f3 de l\u2019actual executiva.<\/strong><\/p>\n\n\n\n<p><a href=\"https:\/\/www.facebook.com\/people\/PSOE-Alzira\/100069148151797\/\">PSPV-PSOE Alzira<\/a><\/p>\n","protected":false},"excerpt":{"rendered":"<p>El PSOE d\u2019Alzira elegir\u00e0 al proxim Secretari\/a General el proper 9 d\u2019abril Fernando Pascual, es va acomiadar del seu c\u00e0rrec, tamb\u00e9 va manifestar de la seua\u00a0 decisi\u00f3 de no formar part de cap c\u00e0rrec organitzatiu encar\u00e0 que seguir\u00e0 al partit com un militant m\u00e9s L\u2019Executiva alzirenya va decidir en reuni\u00f3 extraordin\u00e0ria que l\u2019assemblea per triar [&hellip;]<\/p>\n","protected":false},"author":4,"featured_media":21093,"comment_status":"open","ping_status":"open","sticky":false,"template":"","format":"standard","meta":[],"categories":[93],"tags":[46,55,2288],"aioseo_notices":[],"_links":{"self":[{"href":"http:\/\/www.tele9.es\/telealzira\/wp-json\/wp\/v2\/posts\/21092"}],"collection":[{"href":"http:\/\/www.tele9.es\/telealzira\/wp-json\/wp\/v2\/posts"}],"about":[{"href":"http:\/\/www.tele9.es\/telealzira\/wp-json\/wp\/v2\/types\/post"}],"author":[{"embeddable":true,"href":"http:\/\/www.tele9.es\/telealzira\/wp-json\/wp\/v2\/users\/4"}],"replies":[{"embeddable":true,"href":"http:\/\/www.tele9.es\/telealzira\/wp-json\/wp\/v2\/comments?post=21092"}],"version-history":[{"count":3,"href":"http:\/\/www.tele9.es\/telealzira\/wp-json\/wp\/v2\/posts\/21092\/revisions"}],"predecessor-version":[{"id":21096,"href":"http:\/\/www.tele9.es\/telealzira\/wp-json\/wp\/v2\/posts\/21092\/revisions\/21096"}],"wp:featuredmedia":[{"embeddable":true,"href":"http:\/\/www.tele9.es\/telealzira\/wp-json\/wp\/v2\/media\/21093"}],"wp:attachment":[{"href":"http:\/\/www.tele9.es\/telealzira\/wp-json\/wp\/v2\/media?parent=21092"}],"wp:term":[{"taxonomy":"category","embeddable":true,"href":"http:\/\/www.tele9.es\/telealzira\/wp-json\/wp\/v2\/categories?post=21092"},{"taxonomy":"post_tag","embeddable":true,"href":"http:\/\/www.tele9.es\/telealzira\/wp-json\/wp\/v2\/tags?post=21092"}],"curies":[{"name":"wp","href":"https:\/\/api.w.org\/{rel}","templated":true}]}}