{"id":21103,"date":"2022-04-01T13:45:22","date_gmt":"2022-04-01T13:45:22","guid":{"rendered":"http:\/\/www.tele9.es\/telealzira\/?p=21103"},"modified":"2022-04-01T20:43:27","modified_gmt":"2022-04-01T20:43:27","slug":"gran-exito-del-iv-concurso-de-reganya-de-alzira","status":"publish","type":"post","link":"http:\/\/www.tele9.es\/telealzira\/2022\/04\/01\/gran-exito-del-iv-concurso-de-reganya-de-alzira\/","title":{"rendered":"Gran \u00e9xito del IV concurso de Reganya de Alzira"},"content":{"rendered":"\n<h2>La Regany\u00e0 es uno de los productos t\u00edpicos de la ciudad de Alzira. <\/h2>\n\n\n\n<h4>Hecho de calabaza, este dulce es t\u00edpico de pascua, pero puede ser un postre para cualquier ocasi\u00f3n. <\/h4>\n\n\n\n<iframe loading=\"lazy\" title=\"\ud83c\udf5f\ud83e\udd50\ud83e\udd58#REGANYA de #Alzira  IV concurso gastron\u00f3mico del t\u00edpico postre  de Alzira.\" width=\"1104\" height=\"621\" src=\"https:\/\/www.youtube.com\/embed\/H5lKukNi0-M?feature=oembed\" frameborder=\"0\" allow=\"accelerometer; autoplay; clipboard-write; encrypted-media; gyroscope; picture-in-picture\" allowfullscreen><\/iframe>\n\n\n\n<p><strong>En este IV concurso, al igual que los anteriores,  se pretende revitalizar el sector del gremio de panaderos y reposteros de la ciudad.<\/strong><\/p>\n\n\n\n<iframe loading=\"lazy\" src=\"https:\/\/www.facebook.com\/plugins\/post.php?href=https%3A%2F%2Fwww.facebook.com%2FTOTACTUALITAT%2Fposts%2F3180051015614009&amp;show_text=true&amp;width=500\" width=\"500\" height=\"645\" style=\"border:none;overflow:hidden\" scrolling=\"no\" frameborder=\"0\" allowfullscreen=\"true\" allow=\"autoplay; clipboard-write; encrypted-media; picture-in-picture; web-share\"><\/iframe>\n\n\n\n<p><strong>Desde el departamento de comercio de IDEA, agencia de desarrollo local, emcabezado por Gema Morales se califica de \u00e9xito total el retomar el concurso de Regany\u00e0 de Alzira en esta cuarta edicion<br>Los ganadores han sido en el apartado de profesionales Forn y Pasteler\u00eda Fancisco Br\u00eda (1), Forn Alba(2) y Forn y Pasteler\u00eda Sifre(3)  y en el apartado de fusi\u00f3n Forn Llopis mientras que en el apartado de amateur,  Rosa Ontiveros fue la ganadora.<\/strong><\/p>\n\n\n\n<iframe loading=\"lazy\" title=\"El ganador del IV Concurso de REGANYA - FRANCISCO BRIA-\" width=\"1104\" height=\"621\" src=\"https:\/\/www.youtube.com\/embed\/xlJLrBZnLPo?feature=oembed\" frameborder=\"0\" allow=\"accelerometer; autoplay; clipboard-write; encrypted-media; gyroscope; picture-in-picture\" allowfullscreen><\/iframe>\n","protected":false},"excerpt":{"rendered":"<p>La Regany\u00e0 es uno de los productos t\u00edpicos de la ciudad de Alzira. Hecho de calabaza, este dulce es t\u00edpico de pascua, pero puede ser un postre para cualquier ocasi\u00f3n. En este IV concurso, al igual que los anteriores, se pretende revitalizar el sector del gremio de panaderos y reposteros de la ciudad. Desde el [&hellip;]<\/p>\n","protected":false},"author":4,"featured_media":21107,"comment_status":"open","ping_status":"open","sticky":false,"template":"","format":"standard","meta":[],"categories":[93],"tags":[46,208,127],"aioseo_notices":[],"_links":{"self":[{"href":"http:\/\/www.tele9.es\/telealzira\/wp-json\/wp\/v2\/posts\/21103"}],"collection":[{"href":"http:\/\/www.tele9.es\/telealzira\/wp-json\/wp\/v2\/posts"}],"about":[{"href":"http:\/\/www.tele9.es\/telealzira\/wp-json\/wp\/v2\/types\/post"}],"author":[{"embeddable":true,"href":"http:\/\/www.tele9.es\/telealzira\/wp-json\/wp\/v2\/users\/4"}],"replies":[{"embeddable":true,"href":"http:\/\/www.tele9.es\/telealzira\/wp-json\/wp\/v2\/comments?post=21103"}],"version-history":[{"count":7,"href":"http:\/\/www.tele9.es\/telealzira\/wp-json\/wp\/v2\/posts\/21103\/revisions"}],"predecessor-version":[{"id":21153,"href":"http:\/\/www.tele9.es\/telealzira\/wp-json\/wp\/v2\/posts\/21103\/revisions\/21153"}],"wp:featuredmedia":[{"embeddable":true,"href":"http:\/\/www.tele9.es\/telealzira\/wp-json\/wp\/v2\/media\/21107"}],"wp:attachment":[{"href":"http:\/\/www.tele9.es\/telealzira\/wp-json\/wp\/v2\/media?parent=21103"}],"wp:term":[{"taxonomy":"category","embeddable":true,"href":"http:\/\/www.tele9.es\/telealzira\/wp-json\/wp\/v2\/categories?post=21103"},{"taxonomy":"post_tag","embeddable":true,"href":"http:\/\/www.tele9.es\/telealzira\/wp-json\/wp\/v2\/tags?post=21103"}],"curies":[{"name":"wp","href":"https:\/\/api.w.org\/{rel}","templated":true}]}}