{"id":21200,"date":"2022-04-03T20:29:01","date_gmt":"2022-04-03T20:29:01","guid":{"rendered":"http:\/\/www.tele9.es\/telealzira\/?p=21200"},"modified":"2022-04-03T21:26:07","modified_gmt":"2022-04-03T21:26:07","slug":"gemma-alos-presenta-la-seua-candidatura-per-a-la-secretaria-alzirena","status":"publish","type":"post","link":"http:\/\/www.tele9.es\/telealzira\/2022\/04\/03\/gemma-alos-presenta-la-seua-candidatura-per-a-la-secretaria-alzirena\/","title":{"rendered":"Gemma Al\u00f3s presenta la seua candidatura per a la secret\u00e0ria alzire\u00f1a"},"content":{"rendered":"\n<p><\/p>\n\n\n\n<h2>La Casa del poble d&#8217;Alzira es la ubicaci\u00f3 triada per Gemma Al\u00f3s, actual regidora de Sanitat de l&#8217;ajuntament d&#8217;Alzira, per a presentar la seua candidatura com a secretar\u00eda general dels socialistes Alzirenys.<\/h2>\n\n\n\n<blockquote class=\"wp-block-quote\"><p>Alos \u00abDem\u00e0 presente la meua candidatura a la secr<strong>etaria general del PSPV-PSOE d\u2019Alzira.<br>Presente un projecte que naix de la Il\u00b7lusi\u00f3, la responsabilitat i el comprom\u00eds amb el meu partit i amb la ciutadania\u00bb.<\/strong><\/p><\/blockquote>\n\n\n\n<p>L&#8217;acte s&#8217;iniciar\u00e0 a les 20.00 hores del pr\u00f2xim dilluns 4 d&#8217;abril sota el t\u00edtol Renaixem per Alzira.<\/p>\n\n\n\n<p><\/p>\n\n\n\n<div class=\"wp-block-image\"><figure class=\"aligncenter size-large is-resized\"><img loading=\"lazy\" src=\"http:\/\/www.tele9.es\/telealzira\/wp-content\/uploads\/2022\/04\/Screenshot_20220403-163409_WhatsApp-1-729x1024.jpg\" alt=\"\" class=\"wp-image-21202\" width=\"577\" height=\"811\" srcset=\"http:\/\/www.tele9.es\/telealzira\/wp-content\/uploads\/2022\/04\/Screenshot_20220403-163409_WhatsApp-1-729x1024.jpg 729w, http:\/\/www.tele9.es\/telealzira\/wp-content\/uploads\/2022\/04\/Screenshot_20220403-163409_WhatsApp-1-214x300.jpg 214w, http:\/\/www.tele9.es\/telealzira\/wp-content\/uploads\/2022\/04\/Screenshot_20220403-163409_WhatsApp-1-768x1078.jpg 768w, http:\/\/www.tele9.es\/telealzira\/wp-content\/uploads\/2022\/04\/Screenshot_20220403-163409_WhatsApp-1.jpg 1080w\" sizes=\"(max-width: 577px) 100vw, 577px\" \/><\/figure><\/div>\n\n\n\n<p>Un t\u00edtol molt significatiu que pot ser que marque la traject\u00f2ria a seguir per aquest sector dels components del PSPV-PSOE d&#8217;Alzira<\/p>\n","protected":false},"excerpt":{"rendered":"<p>La Casa del poble d&#8217;Alzira es la ubicaci\u00f3 triada per Gemma Al\u00f3s, actual regidora de Sanitat de l&#8217;ajuntament d&#8217;Alzira, per a presentar la seua candidatura com a secretar\u00eda general dels socialistes Alzirenys. Alos \u00abDem\u00e0 presente la meua candidatura a la secretaria general del PSPV-PSOE d\u2019Alzira.Presente un projecte que naix de la Il\u00b7lusi\u00f3, la responsabilitat i [&hellip;]<\/p>\n","protected":false},"author":4,"featured_media":21202,"comment_status":"open","ping_status":"open","sticky":false,"template":"","format":"standard","meta":[],"categories":[93,95,18,19],"tags":[147,2288,52],"aioseo_notices":[],"_links":{"self":[{"href":"http:\/\/www.tele9.es\/telealzira\/wp-json\/wp\/v2\/posts\/21200"}],"collection":[{"href":"http:\/\/www.tele9.es\/telealzira\/wp-json\/wp\/v2\/posts"}],"about":[{"href":"http:\/\/www.tele9.es\/telealzira\/wp-json\/wp\/v2\/types\/post"}],"author":[{"embeddable":true,"href":"http:\/\/www.tele9.es\/telealzira\/wp-json\/wp\/v2\/users\/4"}],"replies":[{"embeddable":true,"href":"http:\/\/www.tele9.es\/telealzira\/wp-json\/wp\/v2\/comments?post=21200"}],"version-history":[{"count":4,"href":"http:\/\/www.tele9.es\/telealzira\/wp-json\/wp\/v2\/posts\/21200\/revisions"}],"predecessor-version":[{"id":21232,"href":"http:\/\/www.tele9.es\/telealzira\/wp-json\/wp\/v2\/posts\/21200\/revisions\/21232"}],"wp:featuredmedia":[{"embeddable":true,"href":"http:\/\/www.tele9.es\/telealzira\/wp-json\/wp\/v2\/media\/21202"}],"wp:attachment":[{"href":"http:\/\/www.tele9.es\/telealzira\/wp-json\/wp\/v2\/media?parent=21200"}],"wp:term":[{"taxonomy":"category","embeddable":true,"href":"http:\/\/www.tele9.es\/telealzira\/wp-json\/wp\/v2\/categories?post=21200"},{"taxonomy":"post_tag","embeddable":true,"href":"http:\/\/www.tele9.es\/telealzira\/wp-json\/wp\/v2\/tags?post=21200"}],"curies":[{"name":"wp","href":"https:\/\/api.w.org\/{rel}","templated":true}]}}