{"id":21213,"date":"2022-04-03T20:31:04","date_gmt":"2022-04-03T20:31:04","guid":{"rendered":"http:\/\/www.tele9.es\/telealzira\/?p=21213"},"modified":"2022-04-03T20:31:05","modified_gmt":"2022-04-03T20:31:05","slug":"dos-dies-de-dol-oficial-per-lassassinat-dun-menor","status":"publish","type":"post","link":"http:\/\/www.tele9.es\/telealzira\/2022\/04\/03\/dos-dies-de-dol-oficial-per-lassassinat-dun-menor\/","title":{"rendered":"DOS DIES DE DOL OFICIAL PER L\u2019ASSASSINAT D\u2019UN MENOR"},"content":{"rendered":"\n<h2>COMUNICAT OFICIAL <a href=\"https:\/\/www.facebook.com\/AjuntamentDeCullera?__cft__[0]=AZVCbju69bMqZ1Y1iq44z2BfQmKPBp6fARqc3bjxZN5N1hBz2FJRVKv-nzMqLZcageZV_SEqIH-nvaPcl6xfyFGMuJGmkP5Av2udViFWCRYk-fDaE-cnHrj3eyXcfMdmajbC2S9G2wPx236RCprePY-vocExEAZubbvdI2RUSb7H1hiNWc0gQbAk2iTJJGecMbs&amp;__tn__=-UC%2CP-R\"><strong>Ajuntament de Cullera<\/strong><\/a>.<\/h2>\n\n\n\n<h3><br>DOS DIES DE DOL OFICIAL PER L\u2019ASSASSINAT PER VIOL\u00c8NCIA VIC\u00c0RIA D\u2019UN MENOR D\u2019UNA FAM\u00cdLIA DE CULLERA.<\/h3>\n\n\n\n<p><br><a href=\"http:\/\/Ajuntament de Cullera\"> <strong>L&#8217;Ajuntament de Cullera<\/strong><\/a><strong> ha decretat dos dies de dol oficial, el dilluns 4 i el dimarts 5 abril, per l&#8217;assassinat per viol\u00e8ncia vic\u00e0ria, una forma de viol\u00e8ncia masclista, d&#8217;un xiquet de 11 anys d&#8217;una fam\u00edlia de Cullera.<\/strong><\/p>\n\n\n\n<p><br><strong>El consistori condemna rotundament aquest succ\u00e9s i rebutja amb fermesa la viol\u00e8ncia masclista.<br>Aix\u00ed mateix trasllada el m\u00e9s sentit condol a la fam\u00edlia del menor i es posa a la seua disposici\u00f3 per al que necessiten.<\/strong><\/p>\n\n\n\n<p><br><strong>A m\u00e9s aquest dilluns 4 d&#8217;abril a les 20 h. tindr\u00e0 lloc una concentraci\u00f3 enfront de la Casa Consistorial en repulsa per aquest assassinat de viol\u00e8ncia vic\u00e0ria.<\/strong><\/p>\n","protected":false},"excerpt":{"rendered":"<p>COMUNICAT OFICIAL Ajuntament de Cullera. DOS DIES DE DOL OFICIAL PER L\u2019ASSASSINAT PER VIOL\u00c8NCIA VIC\u00c0RIA D\u2019UN MENOR D\u2019UNA FAM\u00cdLIA DE CULLERA. L&#8217;Ajuntament de Cullera ha decretat dos dies de dol oficial, el dilluns 4 i el dimarts 5 abril, per l&#8217;assassinat per viol\u00e8ncia vic\u00e0ria, una forma de viol\u00e8ncia masclista, d&#8217;un xiquet de 11 anys d&#8217;una [&hellip;]<\/p>\n","protected":false},"author":4,"featured_media":21214,"comment_status":"open","ping_status":"open","sticky":false,"template":"","format":"standard","meta":[],"categories":[93],"tags":[2295,2294,913],"aioseo_notices":[],"_links":{"self":[{"href":"http:\/\/www.tele9.es\/telealzira\/wp-json\/wp\/v2\/posts\/21213"}],"collection":[{"href":"http:\/\/www.tele9.es\/telealzira\/wp-json\/wp\/v2\/posts"}],"about":[{"href":"http:\/\/www.tele9.es\/telealzira\/wp-json\/wp\/v2\/types\/post"}],"author":[{"embeddable":true,"href":"http:\/\/www.tele9.es\/telealzira\/wp-json\/wp\/v2\/users\/4"}],"replies":[{"embeddable":true,"href":"http:\/\/www.tele9.es\/telealzira\/wp-json\/wp\/v2\/comments?post=21213"}],"version-history":[{"count":2,"href":"http:\/\/www.tele9.es\/telealzira\/wp-json\/wp\/v2\/posts\/21213\/revisions"}],"predecessor-version":[{"id":21218,"href":"http:\/\/www.tele9.es\/telealzira\/wp-json\/wp\/v2\/posts\/21213\/revisions\/21218"}],"wp:featuredmedia":[{"embeddable":true,"href":"http:\/\/www.tele9.es\/telealzira\/wp-json\/wp\/v2\/media\/21214"}],"wp:attachment":[{"href":"http:\/\/www.tele9.es\/telealzira\/wp-json\/wp\/v2\/media?parent=21213"}],"wp:term":[{"taxonomy":"category","embeddable":true,"href":"http:\/\/www.tele9.es\/telealzira\/wp-json\/wp\/v2\/categories?post=21213"},{"taxonomy":"post_tag","embeddable":true,"href":"http:\/\/www.tele9.es\/telealzira\/wp-json\/wp\/v2\/tags?post=21213"}],"curies":[{"name":"wp","href":"https:\/\/api.w.org\/{rel}","templated":true}]}}