{"id":21400,"date":"2022-04-07T14:55:46","date_gmt":"2022-04-07T14:55:46","guid":{"rendered":"http:\/\/www.tele9.es\/telealzira\/?p=21400"},"modified":"2022-04-07T21:56:10","modified_gmt":"2022-04-07T21:56:10","slug":"se-acentua-la-crisis-en-el-psoe-de-alzira","status":"publish","type":"post","link":"http:\/\/www.tele9.es\/telealzira\/2022\/04\/07\/se-acentua-la-crisis-en-el-psoe-de-alzira\/","title":{"rendered":"La crisis en el PSOE de Alzira"},"content":{"rendered":"\n<h2>Se acent\u00faa la crisis en el PSOE de Alzira<\/h2>\n\n\n\n<h4>La ejecutiva  de los socialista de Alzira amonestada por publicar en redes del PSOE su opini\u00f3n sobre las dos candidaturas que optan a su relevo en la secretaria general del PSOE de Alzira.<\/h4>\n\n\n\n<h4>Seg\u00fan nos ha aclarado Isabel Aguilar a trav\u00e9s de una llamada telef\u00f3nica   \u00abEs cierto que desde Valencia se ha llamado al secretario de organizaci\u00f3n para avisar que no se puede utilizar los canales oficiales  mientras se realizan primarias\u00bb<\/h4>\n\n\n\n<h5><br>La actual secretar\u00eda general del PSPV-PSOE Alzira y su equipo, ha sido advertidos y no denunciados como en un principio se publico en prensa y que nosotros nos hicimos eco,  por las declaraciones publicadas en las redes sociales del partido en las que se ha pronunciado respecto a la divisi\u00f3n interna del partido a nivel local y dar su apoyo al candidato \u00aboficialista\u00bb<\/h5>\n\n\n\n<p>Seg\u00fan Aguilar esta divisi\u00f3n no deber\u00eda haberse producido, porque, a su juicio, no hay ninguna necesidad de cambio; ni de proyecto ni de personas.<\/p>\n\n\n\n<p>Por su parte, la candidata a la Secretar\u00eda General, Gemma Al\u00f3s, ha se\u00f1alado que ha ofrecido a Sarri\u00e1 sumarse a su proyecto, algo que ha rechazado. Por ello, considera que hacer ver de la votaci\u00f3n del s\u00e1bado una guerra interna, no beneficia al partido.<\/p>\n\n\n\n<p>Gemma Al\u00f3s y Adri\u00e1n Sarria se disputar\u00e1n la secretar\u00eda general en una votaci\u00f3n que se presume muy re\u00f1ida ante la falta de acuerdo<\/p>\n","protected":false},"excerpt":{"rendered":"<p>Se acent\u00faa la crisis en el PSOE de Alzira La ejecutiva de los socialista de Alzira amonestada por publicar en redes del PSOE su opini\u00f3n sobre las dos candidaturas que optan a su relevo en la secretaria general del PSOE de Alzira. Seg\u00fan nos ha aclarado Isabel Aguilar a trav\u00e9s de una llamada telef\u00f3nica \u00abEs [&hellip;]<\/p>\n","protected":false},"author":4,"featured_media":14022,"comment_status":"open","ping_status":"open","sticky":false,"template":"","format":"standard","meta":[],"categories":[93],"tags":[46,55,2288,52],"aioseo_notices":[],"_links":{"self":[{"href":"http:\/\/www.tele9.es\/telealzira\/wp-json\/wp\/v2\/posts\/21400"}],"collection":[{"href":"http:\/\/www.tele9.es\/telealzira\/wp-json\/wp\/v2\/posts"}],"about":[{"href":"http:\/\/www.tele9.es\/telealzira\/wp-json\/wp\/v2\/types\/post"}],"author":[{"embeddable":true,"href":"http:\/\/www.tele9.es\/telealzira\/wp-json\/wp\/v2\/users\/4"}],"replies":[{"embeddable":true,"href":"http:\/\/www.tele9.es\/telealzira\/wp-json\/wp\/v2\/comments?post=21400"}],"version-history":[{"count":5,"href":"http:\/\/www.tele9.es\/telealzira\/wp-json\/wp\/v2\/posts\/21400\/revisions"}],"predecessor-version":[{"id":21429,"href":"http:\/\/www.tele9.es\/telealzira\/wp-json\/wp\/v2\/posts\/21400\/revisions\/21429"}],"wp:featuredmedia":[{"embeddable":true,"href":"http:\/\/www.tele9.es\/telealzira\/wp-json\/wp\/v2\/media\/14022"}],"wp:attachment":[{"href":"http:\/\/www.tele9.es\/telealzira\/wp-json\/wp\/v2\/media?parent=21400"}],"wp:term":[{"taxonomy":"category","embeddable":true,"href":"http:\/\/www.tele9.es\/telealzira\/wp-json\/wp\/v2\/categories?post=21400"},{"taxonomy":"post_tag","embeddable":true,"href":"http:\/\/www.tele9.es\/telealzira\/wp-json\/wp\/v2\/tags?post=21400"}],"curies":[{"name":"wp","href":"https:\/\/api.w.org\/{rel}","templated":true}]}}