{"id":23944,"date":"2022-11-25T07:00:19","date_gmt":"2022-11-25T07:00:19","guid":{"rendered":"http:\/\/www.tele9.es\/telealzira\/?p=23944"},"modified":"2022-11-25T07:00:22","modified_gmt":"2022-11-25T07:00:22","slug":"la-falla-sant-joan-i-jovi-esteve-en-que-passa-a-loratge","status":"publish","type":"post","link":"http:\/\/www.tele9.es\/telealzira\/2022\/11\/25\/la-falla-sant-joan-i-jovi-esteve-en-que-passa-a-loratge\/","title":{"rendered":"La Falla Sant Joan i Jovi Esteve en \u00abQue passa a l&#8217;oratge?"},"content":{"rendered":"\n<h2>El conegut i popular meteor\u00f2leg  Jovi Esteve va donar una classe magistral del que esta passant amb el temps<\/h2>\n\n\n\n<p>La veterana comissi\u00f3 de la Falla Sant Joan va organitzar, dins de la seua setmana cultural, una xarrada informativa amb Jovi Esteve<\/p>\n\n\n\n<p>El Meteor\u00f2leg d&#8217;Algemes\u00ed  \u00e9s molt popular donada la seua moltes intervencions p\u00fabliques com  en R\u00e0dio 9 (R\u00e0dio Auton\u00f2mica Valenciana, RTVV. Cal destacar que el servei que oferix  des de l&#8217;empresa INFORATGE a molts ajuntaments de les comarques valencianes que li consulten per a realitzar moltes de les seues activitats festives i socials<\/p>\n\n\n\n<p>Una interessant xarrada on els presents van interactuar amb el professional<\/p>\n\n\n\n<iframe loading=\"lazy\" title=\"@fallasantJoan i Jovi Esteve &quot;Que est\u00e1 passant  amb l\u2019oratge? 24-11-2022\" width=\"1104\" height=\"621\" src=\"https:\/\/www.youtube.com\/embed\/Rybmqlqiv4U?feature=oembed\" frameborder=\"0\" allow=\"accelerometer; autoplay; clipboard-write; encrypted-media; gyroscope; picture-in-picture\" allowfullscreen><\/iframe>\n","protected":false},"excerpt":{"rendered":"<p>El conegut i popular meteor\u00f2leg Jovi Esteve va donar una classe magistral del que esta passant amb el temps La veterana comissi\u00f3 de la Falla Sant Joan va organitzar, dins de la seua setmana cultural, una xarrada informativa amb Jovi Esteve El Meteor\u00f2leg d&#8217;Algemes\u00ed \u00e9s molt popular donada la seua moltes intervencions p\u00fabliques com en [&hellip;]<\/p>\n","protected":false},"author":4,"featured_media":23949,"comment_status":"open","ping_status":"open","sticky":false,"template":"","format":"standard","meta":[],"categories":[93],"tags":[46,42,44,57],"aioseo_notices":[],"_links":{"self":[{"href":"http:\/\/www.tele9.es\/telealzira\/wp-json\/wp\/v2\/posts\/23944"}],"collection":[{"href":"http:\/\/www.tele9.es\/telealzira\/wp-json\/wp\/v2\/posts"}],"about":[{"href":"http:\/\/www.tele9.es\/telealzira\/wp-json\/wp\/v2\/types\/post"}],"author":[{"embeddable":true,"href":"http:\/\/www.tele9.es\/telealzira\/wp-json\/wp\/v2\/users\/4"}],"replies":[{"embeddable":true,"href":"http:\/\/www.tele9.es\/telealzira\/wp-json\/wp\/v2\/comments?post=23944"}],"version-history":[{"count":1,"href":"http:\/\/www.tele9.es\/telealzira\/wp-json\/wp\/v2\/posts\/23944\/revisions"}],"predecessor-version":[{"id":23945,"href":"http:\/\/www.tele9.es\/telealzira\/wp-json\/wp\/v2\/posts\/23944\/revisions\/23945"}],"wp:featuredmedia":[{"embeddable":true,"href":"http:\/\/www.tele9.es\/telealzira\/wp-json\/wp\/v2\/media\/23949"}],"wp:attachment":[{"href":"http:\/\/www.tele9.es\/telealzira\/wp-json\/wp\/v2\/media?parent=23944"}],"wp:term":[{"taxonomy":"category","embeddable":true,"href":"http:\/\/www.tele9.es\/telealzira\/wp-json\/wp\/v2\/categories?post=23944"},{"taxonomy":"post_tag","embeddable":true,"href":"http:\/\/www.tele9.es\/telealzira\/wp-json\/wp\/v2\/tags?post=23944"}],"curies":[{"name":"wp","href":"https:\/\/api.w.org\/{rel}","templated":true}]}}