{"id":23950,"date":"2022-11-26T15:43:34","date_gmt":"2022-11-26T15:43:34","guid":{"rendered":"http:\/\/www.tele9.es\/telealzira\/?p=23950"},"modified":"2022-11-26T15:43:35","modified_gmt":"2022-11-26T15:43:35","slug":"alos-aconsegueix-atraure-a-una-gran-quantitat-de-veins-en-la-seua-presentacio-com-a-alcaldable","status":"publish","type":"post","link":"http:\/\/www.tele9.es\/telealzira\/2022\/11\/26\/alos-aconsegueix-atraure-a-una-gran-quantitat-de-veins-en-la-seua-presentacio-com-a-alcaldable\/","title":{"rendered":"Al\u00f3s aconsegueix atraure a una gran quantitat de ve\u00efns en la seua presentaci\u00f3 com a Alcaldable"},"content":{"rendered":"\n<h2>Gemma Al\u00f3s,  candidata dels socialistes d&#8217;Alzira ha presentat la seua candidatura oficial per a l&#8217;alcaldia sota el lema  \u201c Guanyem Alzira <em>sense aparentar-<\/em>ho\u201d.<\/h2>\n\n\n\n<p>Gemma Alos, la actual regidora de sanitat a l&#8217;ajuntament d&#8217;Alzira,  aconsegueix atraure a una gran quantitat de ve\u00efns en la seua presentaci\u00f3 com a Alcaldable,  malgrat algunes abs\u00e8ncies,  m\u00e9s de 200 persones es van congregar en la presentaci\u00f3.<\/p>\n\n\n\n<p>En l&#8217;acte, de este mat\u00ed de dissabte,  presentat per M\u00f3nica L\u00f3pez Castillo, la que fora  Assessora de Comunicaci\u00f3 en l&#8217;Ajuntament d&#8217;Alzira, es va realitzar  al carrer per a estar m\u00e9s prop dels seus ve\u00efns i allunyar-se dels despatxos dels pol\u00edtics, Al\u00f3s diu que compleix una de les seues promeses, eixir de la seu socialista al carrer per a escoltar les opinions i necessitats dels alzirenys<\/p>\n\n\n\n<p><a href=\"https:\/\/youtu.be\/glh-Wd_hi_Y\"><strong>GALERIA FOTOGRAFICA<\/strong><\/a><\/p>\n\n\n\n<iframe loading=\"lazy\" title=\"Galer\u00eda de la presentaci\u00f3n de la candidata PSOE Alzira, Gemma Alos\" width=\"1104\" height=\"621\" src=\"https:\/\/www.youtube.com\/embed\/glh-Wd_hi_Y?feature=oembed\" frameborder=\"0\" allow=\"accelerometer; autoplay; clipboard-write; encrypted-media; gyroscope; picture-in-picture\" allowfullscreen><\/iframe>\n\n\n\n<p><br>Abrigallada per gran quantitat de socialistes alzirenys, alcaldes i alcaldesses de la comarca i dirigents del partit, com el secretari comarcal,  Carles Arqu\u00e9s , el secretari general del PSPV, Carlos Fern\u00e1ndez Bielsa, el president de la Mancomunitat de la Ribera Alta Txema Pelaez i per alcaldes i alcaldesses de l\u2019Alc\u00fadia, Andreu Salom, Benifai\u00f3, La Pobla Llarga i Llaur\u00ed &#8230; i el dirigent comarcal de la UGT Ra\u00fcl Rosell\u00f3.<\/p>\n\n\n\n<p>Gemma s&#8217;ha dirigit a la gran quantitat de gent que es va acostar a la Pla\u00e7a de la Constituci\u00f3, amb paraules il\u00b7lusionants de futur. <\/p>\n\n\n\nRemix fotos https:\/\/photos.app.goo.gl\/VhTVwVVwU8peYxGW6\n\n\n\n<p><\/p>\n\n\n\n<p>Al\u00f3s ha dit en el seu parlament \u201cHui hem donat un pas mes per a aconseguir eixa marca de ciutat que hen de ser. Perque \u00e9s temps de la gents ben real la que aconsegueix millorar sense aparentar-ho\u201d<br>Gemma ha desenvolupat alguns punts a tractar de millorar com el problem\u00e0tica de les inundacions, revitalitzar el  comer\u00e7 de proximitat, modernitzar i transformar la ciutat\u00bb<\/p>\n\n\n\n<p><a href=\"https:\/\/youtu.be\/b-Om8fjFNnI\">AUDIVISUAL<\/a><\/p>\n\n\n\n<iframe loading=\"lazy\" title=\"Acto completo de presentaci\u00f3n de la candidata DEL PSPV Alzira, Gemma Al\u00f3s. 26-11-2022\" width=\"1104\" height=\"621\" src=\"https:\/\/www.youtube.com\/embed\/b-Om8fjFNnI?feature=oembed\" frameborder=\"0\" allow=\"accelerometer; autoplay; clipboard-write; encrypted-media; gyroscope; picture-in-picture\" allowfullscreen><\/iframe>\n","protected":false},"excerpt":{"rendered":"<p>Gemma Al\u00f3s, candidata dels socialistes d&#8217;Alzira ha presentat la seua candidatura oficial per a l&#8217;alcaldia sota el lema \u201c Guanyem Alzira sense aparentar-ho\u201d. Gemma Alos, la actual regidora de sanitat a l&#8217;ajuntament d&#8217;Alzira, aconsegueix atraure a una gran quantitat de ve\u00efns en la seua presentaci\u00f3 com a Alcaldable, malgrat algunes abs\u00e8ncies, m\u00e9s de 200 persones [&hellip;]<\/p>\n","protected":false},"author":4,"featured_media":23953,"comment_status":"open","ping_status":"open","sticky":false,"template":"","format":"standard","meta":[],"categories":[93],"tags":[46,55,2288,52],"aioseo_notices":[],"_links":{"self":[{"href":"http:\/\/www.tele9.es\/telealzira\/wp-json\/wp\/v2\/posts\/23950"}],"collection":[{"href":"http:\/\/www.tele9.es\/telealzira\/wp-json\/wp\/v2\/posts"}],"about":[{"href":"http:\/\/www.tele9.es\/telealzira\/wp-json\/wp\/v2\/types\/post"}],"author":[{"embeddable":true,"href":"http:\/\/www.tele9.es\/telealzira\/wp-json\/wp\/v2\/users\/4"}],"replies":[{"embeddable":true,"href":"http:\/\/www.tele9.es\/telealzira\/wp-json\/wp\/v2\/comments?post=23950"}],"version-history":[{"count":4,"href":"http:\/\/www.tele9.es\/telealzira\/wp-json\/wp\/v2\/posts\/23950\/revisions"}],"predecessor-version":[{"id":23955,"href":"http:\/\/www.tele9.es\/telealzira\/wp-json\/wp\/v2\/posts\/23950\/revisions\/23955"}],"wp:featuredmedia":[{"embeddable":true,"href":"http:\/\/www.tele9.es\/telealzira\/wp-json\/wp\/v2\/media\/23953"}],"wp:attachment":[{"href":"http:\/\/www.tele9.es\/telealzira\/wp-json\/wp\/v2\/media?parent=23950"}],"wp:term":[{"taxonomy":"category","embeddable":true,"href":"http:\/\/www.tele9.es\/telealzira\/wp-json\/wp\/v2\/categories?post=23950"},{"taxonomy":"post_tag","embeddable":true,"href":"http:\/\/www.tele9.es\/telealzira\/wp-json\/wp\/v2\/tags?post=23950"}],"curies":[{"name":"wp","href":"https:\/\/api.w.org\/{rel}","templated":true}]}}