{"id":24651,"date":"2023-06-16T20:01:56","date_gmt":"2023-06-16T20:01:56","guid":{"rendered":"http:\/\/www.tele9.es\/telealzira\/?p=24651"},"modified":"2023-06-16T20:01:57","modified_gmt":"2023-06-16T20:01:57","slug":"palacios-del-pp-alzira-explica-el-no-pacte-de-govern-de-dreta-amb-ucin-vox-i-ciutadans","status":"publish","type":"post","link":"http:\/\/www.tele9.es\/telealzira\/2023\/06\/16\/palacios-del-pp-alzira-explica-el-no-pacte-de-govern-de-dreta-amb-ucin-vox-i-ciutadans\/","title":{"rendered":"Palacios del PP Alzira explica el NO pacte de govern  de dreta amb UCIN, VOX I Ciutadans."},"content":{"rendered":"\n<h1>El PP i VOX rebutgen el pacte de govern alzireny<\/h1>\n\n\n\n<ul><li><strong>Els componets del Partit Popular Alzira ha comparegut en rodad de premsa per a explicar perqu\u00e8 no s\u2019ha aconseguit un pacte de govern de dretes.<\/strong><\/li><li><strong>PP no li va a posar pals a les rodes al futur govern.<\/strong><\/li><\/ul>\n\n\n\n<p>El candidat Jose Luis Palacios ha explicat,  hui en la sede del partit les raons de que com a partit m\u00e9s votat en les ultimes votacions,  ha contactat amb tots els grups pol\u00edtics amb representaci\u00f3 municipal a Alzira, i ha parlat amb tots els candidats una vegada passades les eleccions.<\/p>\n\n\n\n<p> Jose Luis Palacios va proposar un pacte de legislatura a partits com psoe i comprom\u00eds, que no ha sigut possible davant la convocatoria d\u2019eleccions generals. <\/p>\n\n\n\n<p>Palacios ha criticat durament la falta d\u2019ideologia de Ucin, i ha qualificat el govern frankenstein. <\/p>\n\n\n\n<p>Enten que amb el pacte de govern de psoe, compromis i ucin, Alzira va a perdre, no es respecta el canvi que havia demanat la ciutadania i ser\u00e0 perjudicada economicament. <\/p>\n\n\n\n<iframe loading=\"lazy\" title=\"Rueda de prensa de Jos\u00e9 Luis Palacios( PP Alzira)  acuerdos del nuevo consistorio 16-06-2023\" width=\"1104\" height=\"621\" src=\"https:\/\/www.youtube.com\/embed\/FxbcryytsDY?feature=oembed\" frameborder=\"0\" allow=\"accelerometer; autoplay; clipboard-write; encrypted-media; gyroscope; picture-in-picture; web-share\" allowfullscreen><\/iframe>\n\n\n\n<figure class=\"wp-block-image\"><img alt=\"\"\/><\/figure>\n","protected":false},"excerpt":{"rendered":"<p>El PP i VOX rebutgen el pacte de govern alzireny Els componets del Partit Popular Alzira ha comparegut en rodad de premsa per a explicar perqu\u00e8 no s\u2019ha aconseguit un pacte de govern de dretes. PP no li va a posar pals a les rodes al futur govern. El candidat Jose Luis Palacios ha explicat, [&hellip;]<\/p>\n","protected":false},"author":4,"featured_media":24659,"comment_status":"open","ping_status":"open","sticky":false,"template":"","format":"standard","meta":[],"categories":[93],"tags":[],"aioseo_notices":[],"_links":{"self":[{"href":"http:\/\/www.tele9.es\/telealzira\/wp-json\/wp\/v2\/posts\/24651"}],"collection":[{"href":"http:\/\/www.tele9.es\/telealzira\/wp-json\/wp\/v2\/posts"}],"about":[{"href":"http:\/\/www.tele9.es\/telealzira\/wp-json\/wp\/v2\/types\/post"}],"author":[{"embeddable":true,"href":"http:\/\/www.tele9.es\/telealzira\/wp-json\/wp\/v2\/users\/4"}],"replies":[{"embeddable":true,"href":"http:\/\/www.tele9.es\/telealzira\/wp-json\/wp\/v2\/comments?post=24651"}],"version-history":[{"count":4,"href":"http:\/\/www.tele9.es\/telealzira\/wp-json\/wp\/v2\/posts\/24651\/revisions"}],"predecessor-version":[{"id":24661,"href":"http:\/\/www.tele9.es\/telealzira\/wp-json\/wp\/v2\/posts\/24651\/revisions\/24661"}],"wp:featuredmedia":[{"embeddable":true,"href":"http:\/\/www.tele9.es\/telealzira\/wp-json\/wp\/v2\/media\/24659"}],"wp:attachment":[{"href":"http:\/\/www.tele9.es\/telealzira\/wp-json\/wp\/v2\/media?parent=24651"}],"wp:term":[{"taxonomy":"category","embeddable":true,"href":"http:\/\/www.tele9.es\/telealzira\/wp-json\/wp\/v2\/categories?post=24651"},{"taxonomy":"post_tag","embeddable":true,"href":"http:\/\/www.tele9.es\/telealzira\/wp-json\/wp\/v2\/tags?post=24651"}],"curies":[{"name":"wp","href":"https:\/\/api.w.org\/{rel}","templated":true}]}}