{"id":24664,"date":"2023-06-17T14:18:53","date_gmt":"2023-06-17T14:18:53","guid":{"rendered":"http:\/\/www.tele9.es\/telealzira\/?p=24664"},"modified":"2023-06-17T14:18:54","modified_gmt":"2023-06-17T14:18:54","slug":"alzira-ja-te-equip-de-govern-2023-2027","status":"publish","type":"post","link":"http:\/\/www.tele9.es\/telealzira\/2023\/06\/17\/alzira-ja-te-equip-de-govern-2023-2027\/","title":{"rendered":"Alzira ja te equip de govern 2023-2027"},"content":{"rendered":"\n<h2><strong>Alfons Dom\u00ednguez nou alcalde d\u2019Alzira<\/strong><\/h2>\n\n\n\n<ul><li><strong>L\u2019equip de govern estar\u00e0 format Comprom\u00eds, PSOE amb Gemma Al\u00f3s al capdavant i UC\u00cdN amb Enrique Montalb\u00e1<\/strong><strong><\/strong><\/li><\/ul>\n\n\n\n<p> Este mat\u00ed a les 12 del migdia s\u2019ha celebrat al Sal\u00f3 Noble del consistori, el plenari de constituci\u00f3 de la corporaci\u00f3 municipal en el que s\u2019ha\u00a0 elegit com alcalde-president a Alfons Dom\u00ednguez.<\/p>\n\n\n\n<p>L\u2019acte ha comen\u00e7at amb les paraules de Diego G\u00f3mez, qui ha demanat als assistents un minut de silenci en record de qui fou alcalde de la ciutat de 1979 a 1992, Francisco Jos\u00e9 Blasco Castany, que ens deixava ahir.<\/p>\n\n\n\n<figure class=\"wp-block-image size-large\"><img loading=\"lazy\" width=\"1024\" height=\"636\" src=\"http:\/\/www.tele9.es\/telealzira\/wp-content\/uploads\/2023\/06\/20230617_130628-2-1024x636.jpg\" alt=\"\" class=\"wp-image-24668\" srcset=\"http:\/\/www.tele9.es\/telealzira\/wp-content\/uploads\/2023\/06\/20230617_130628-2-1024x636.jpg 1024w, http:\/\/www.tele9.es\/telealzira\/wp-content\/uploads\/2023\/06\/20230617_130628-2-300x186.jpg 300w, http:\/\/www.tele9.es\/telealzira\/wp-content\/uploads\/2023\/06\/20230617_130628-2-768x477.jpg 768w, http:\/\/www.tele9.es\/telealzira\/wp-content\/uploads\/2023\/06\/20230617_130628-2-1536x953.jpg 1536w, http:\/\/www.tele9.es\/telealzira\/wp-content\/uploads\/2023\/06\/20230617_130628-2-2048x1271.jpg 2048w\" sizes=\"(max-width: 1024px) 100vw, 1024px\" \/><\/figure>\n\n\n\n<p>Seguidament ha comen\u00e7at el plenari amb la constituci\u00f3 de la Mesa d\u2019Edat, formada pels regidors electes de major i menor edat, en este cas Ricardo Belda de Vox i Lara Ferrer del PSOE.<\/p>\n\n\n\n<p>Els 21 regidors han jurat o prom\u00e8s el c\u00e0rrec de regidor\/a per tal de constituir l\u2019Ajuntament:<\/p>\n\n\n\n<p><a><u>Partido Socialista Obrero Espa\u00f1ol<\/u><\/a><\/p>\n\n\n\n<ul><li>Gemma Al\u00f3s Sospedra<\/li><li>Vicente de la Concepci\u00f3n Chord\u00e1<\/li><li>Lara Ferrer Camarena<\/li><li>Javier Fern\u00e1ndez Ferr\u00fas<\/li><\/ul>\n\n\n\n<p>Comprom\u00eds per Alzira: ACORD PER GUANYAR<\/p>\n\n\n\n<ul><li>Alfons Dom\u00ednguez Gento<\/li><li>Virtuts Piera Parra<\/li><li>Andr\u00e9s Gomis Fons<\/li><li>Israel P\u00e9rez Gil<\/li><li>M\u00aa. Am\u00e8lia Blanquer Mart\u00ednez<\/li><li>Xavier P\u00e9rez i Juanes<\/li><\/ul>\n\n\n\n<p>VOX<\/p>\n\n\n\n<iframe loading=\"lazy\" title=\"Alzira acto de constituci\u00f3n nueva corporacion\" width=\"1104\" height=\"828\" src=\"https:\/\/www.youtube.com\/embed\/v8F7qkT9kOE?feature=oembed\" frameborder=\"0\" allow=\"accelerometer; autoplay; clipboard-write; encrypted-media; gyroscope; picture-in-picture; web-share\" allowfullscreen><\/iframe>\n\n\n\n<ul><li>Ricardo Belda Valiente<\/li><li>Rosana Peris Catoira<\/li><\/ul>\n\n\n\n<p>UCIN<\/p>\n\n\n\n<ul><li>Enrique Montalv\u00e1 Espa\u00f1a<\/li><li>Mar Chord\u00e1 Rodr\u00edguez<\/li><\/ul>\n\n\n\n<p>CIUDADANOS-PARTIDO DE LA CIUDADAN\u00cdA<\/p>\n\n\n\n<ul><li>Miguel Vidal Llopis<\/li><\/ul>\n\n\n\n<p>PARTIDO POPULAR<\/p>\n\n\n\n<ul><li>Jos\u00e9 Luis Palacios T\u00f3rtola<\/li><li>Bernardo R\u00edos Furi\u00f3<\/li><li>Mar\u00eda Luisa Castells Gar\u00e9s<\/li><li>Benjam\u00edn Ferrer Blasco<\/li><li>Ana Jover Ortega<\/li><li>\u00c1lvaro Peris Pardo<\/li><\/ul>\n\n\n\n<p>Els regidors han procedit a l\u2019elecci\u00f3 de l\u2019alcalde amb votaci\u00f3 a m\u00e0 al\u00e7ada, resultant el candidat ALFONS DOM\u00cdNGUEZ GENTO alcalde per 12 vots a favor. Per \u00faltim l\u2019alcalde ha donat la paraula als caps de llista de les 5 formacions i ha tancat l\u2019acte amb el seu parlament.<\/p>\n","protected":false},"excerpt":{"rendered":"<p>Alfons Dom\u00ednguez nou alcalde d\u2019Alzira L\u2019equip de govern estar\u00e0 format Comprom\u00eds, PSOE amb Gemma Al\u00f3s al capdavant i UC\u00cdN amb Enrique Montalb\u00e1 Este mat\u00ed a les 12 del migdia s\u2019ha celebrat al Sal\u00f3 Noble del consistori, el plenari de constituci\u00f3 de la corporaci\u00f3 municipal en el que s\u2019ha\u00a0 elegit com alcalde-president a Alfons Dom\u00ednguez. L\u2019acte [&hellip;]<\/p>\n","protected":false},"author":4,"featured_media":24667,"comment_status":"open","ping_status":"open","sticky":false,"template":"","format":"standard","meta":[],"categories":[93],"tags":[],"aioseo_notices":[],"_links":{"self":[{"href":"http:\/\/www.tele9.es\/telealzira\/wp-json\/wp\/v2\/posts\/24664"}],"collection":[{"href":"http:\/\/www.tele9.es\/telealzira\/wp-json\/wp\/v2\/posts"}],"about":[{"href":"http:\/\/www.tele9.es\/telealzira\/wp-json\/wp\/v2\/types\/post"}],"author":[{"embeddable":true,"href":"http:\/\/www.tele9.es\/telealzira\/wp-json\/wp\/v2\/users\/4"}],"replies":[{"embeddable":true,"href":"http:\/\/www.tele9.es\/telealzira\/wp-json\/wp\/v2\/comments?post=24664"}],"version-history":[{"count":5,"href":"http:\/\/www.tele9.es\/telealzira\/wp-json\/wp\/v2\/posts\/24664\/revisions"}],"predecessor-version":[{"id":24671,"href":"http:\/\/www.tele9.es\/telealzira\/wp-json\/wp\/v2\/posts\/24664\/revisions\/24671"}],"wp:featuredmedia":[{"embeddable":true,"href":"http:\/\/www.tele9.es\/telealzira\/wp-json\/wp\/v2\/media\/24667"}],"wp:attachment":[{"href":"http:\/\/www.tele9.es\/telealzira\/wp-json\/wp\/v2\/media?parent=24664"}],"wp:term":[{"taxonomy":"category","embeddable":true,"href":"http:\/\/www.tele9.es\/telealzira\/wp-json\/wp\/v2\/categories?post=24664"},{"taxonomy":"post_tag","embeddable":true,"href":"http:\/\/www.tele9.es\/telealzira\/wp-json\/wp\/v2\/tags?post=24664"}],"curies":[{"name":"wp","href":"https:\/\/api.w.org\/{rel}","templated":true}]}}