{"id":24675,"date":"2023-07-02T11:12:34","date_gmt":"2023-07-02T11:12:34","guid":{"rendered":"http:\/\/www.tele9.es\/telealzira\/?p=24675"},"modified":"2023-07-02T11:12:35","modified_gmt":"2023-07-02T11:12:35","slug":"espectacular-presentacio-de-la-capitania-2023-de-la-fila-contrabandistes-bandoleres","status":"publish","type":"post","link":"http:\/\/www.tele9.es\/telealzira\/2023\/07\/02\/espectacular-presentacio-de-la-capitania-2023-de-la-fila-contrabandistes-bandoleres\/","title":{"rendered":"Espectacular presentacio de la capitan\u00eda 2023 de la Fila Contrabandistes -Bandoleres"},"content":{"rendered":"\n<h2>La festa de moros i cristians d&#8217;Alzira calfa motors amb l&#8217;espectacular presentacio de la capitan\u00eda 2023 de la Fila Contrabandistes -Bandoleres<\/h2>\n\n\n\n<p>La Capitan\u00eda de les dones Contrabandistes Bandoleres d&#8217;Alzira ja es va plasmant, prova d&#8217;aix\u00f2 \u00e9s l&#8217;original posada en escena de la presentacion de  la Capitania i de la seua Capitana Adela Lopez Santacreu que va estar a ropada amb prop de cent convidats entre els quals es trobava la presidenta de la Federaci\u00f3 de Filaes i Comparses, Creu Casany i diferentes representants de comparses d&#8217;Alzira i altres poblacions amigues, com la de els Mercaders, els de la Vila, i les Corsaries, &#8230;com van comentar les organitzadores de l&#8217;acte \u00abva estar qui va voler estar\u00bb<\/p>\n\n\n\n<iframe loading=\"lazy\" title=\"Espectacular presentaci\u00f3n de la #Capitania 2023 @Contrabandistas-Bandomeras Alzira\" width=\"1104\" height=\"621\" src=\"https:\/\/www.youtube.com\/embed\/OgslKHRlerU?feature=oembed\" frameborder=\"0\" allow=\"accelerometer; autoplay; clipboard-write; encrypted-media; gyroscope; picture-in-picture; web-share\" allowfullscreen><\/iframe>\n\n\n\n<p><\/p>\n\n\n\n<p>Cal destacar la pres\u00e8ncia de la responsable  de festes de l&#8217;Ajuntament d&#8217;Alzira, la regidora Mar Chorda, que s&#8217;estren\u00e1 \u00e9n el seu c\u00e0rrec en aquest el seu primer acte oficial i que va gaudir del gran ambient festiu que es gaudisc tota la nit.<\/p>\n\n\n\n<p>En els moments d&#8217;homenatge de la Capitana, cal destacar la interpretaci\u00f3 de la banda de la Societat Musical d&#8217;Alzira de la nova composici\u00f3 \u00abAdela Capitana\u00bb creada per Alberto Sanchez Castillo<\/p>\n\n\n\n<iframe loading=\"lazy\" title=\"Pasodoble Adela Capitana - Capitan\u00eda Alzira 2023\" width=\"1104\" height=\"621\" src=\"https:\/\/www.youtube.com\/embed\/6oCWCPOgC5I?feature=oembed\" frameborder=\"0\" allow=\"accelerometer; autoplay; clipboard-write; encrypted-media; gyroscope; picture-in-picture; web-share\" allowfullscreen><\/iframe>\n","protected":false},"excerpt":{"rendered":"<p>La festa de moros i cristians d&#8217;Alzira calfa motors amb l&#8217;espectacular presentacio de la capitan\u00eda 2023 de la Fila Contrabandistes -Bandoleres La Capitan\u00eda de les dones Contrabandistes Bandoleres d&#8217;Alzira ja es va plasmant, prova d&#8217;aix\u00f2 \u00e9s l&#8217;original posada en escena de la presentacion de la Capitania i de la seua Capitana Adela Lopez Santacreu que [&hellip;]<\/p>\n","protected":false},"author":4,"featured_media":24679,"comment_status":"open","ping_status":"open","sticky":false,"template":"","format":"standard","meta":[],"categories":[93,95,244,40,24,19],"tags":[46,57,288,430],"aioseo_notices":[],"_links":{"self":[{"href":"http:\/\/www.tele9.es\/telealzira\/wp-json\/wp\/v2\/posts\/24675"}],"collection":[{"href":"http:\/\/www.tele9.es\/telealzira\/wp-json\/wp\/v2\/posts"}],"about":[{"href":"http:\/\/www.tele9.es\/telealzira\/wp-json\/wp\/v2\/types\/post"}],"author":[{"embeddable":true,"href":"http:\/\/www.tele9.es\/telealzira\/wp-json\/wp\/v2\/users\/4"}],"replies":[{"embeddable":true,"href":"http:\/\/www.tele9.es\/telealzira\/wp-json\/wp\/v2\/comments?post=24675"}],"version-history":[{"count":3,"href":"http:\/\/www.tele9.es\/telealzira\/wp-json\/wp\/v2\/posts\/24675\/revisions"}],"predecessor-version":[{"id":24678,"href":"http:\/\/www.tele9.es\/telealzira\/wp-json\/wp\/v2\/posts\/24675\/revisions\/24678"}],"wp:featuredmedia":[{"embeddable":true,"href":"http:\/\/www.tele9.es\/telealzira\/wp-json\/wp\/v2\/media\/24679"}],"wp:attachment":[{"href":"http:\/\/www.tele9.es\/telealzira\/wp-json\/wp\/v2\/media?parent=24675"}],"wp:term":[{"taxonomy":"category","embeddable":true,"href":"http:\/\/www.tele9.es\/telealzira\/wp-json\/wp\/v2\/categories?post=24675"},{"taxonomy":"post_tag","embeddable":true,"href":"http:\/\/www.tele9.es\/telealzira\/wp-json\/wp\/v2\/tags?post=24675"}],"curies":[{"name":"wp","href":"https:\/\/api.w.org\/{rel}","templated":true}]}}