{"id":24684,"date":"2023-07-02T13:53:14","date_gmt":"2023-07-02T13:53:14","guid":{"rendered":"http:\/\/www.tele9.es\/telealzira\/?p=24684"},"modified":"2023-07-02T13:53:15","modified_gmt":"2023-07-02T13:53:15","slug":"la-jlf-alzira-adjudica-a-una-botiga-de-xativa-la-indumentaria-de-les-fm","status":"publish","type":"post","link":"http:\/\/www.tele9.es\/telealzira\/2023\/07\/02\/la-jlf-alzira-adjudica-a-una-botiga-de-xativa-la-indumentaria-de-les-fm\/","title":{"rendered":"La JLF Alzira, adjudica a una botiga de Xativa la indument\u00e0ria de les FM"},"content":{"rendered":"\n<h2>Comunicat important de JLF Alzira <\/h2>\n\n\n\n<p>La Junta Local Fallera d&#8217;Alzira es complau a anunciar que la indument\u00e0ria oficial dels vestits de les Falleres Majors i Cort d&#8217;Honor de l&#8217;any 2024 ser\u00e0 subministrada exclusivament per la reconeguda botiga Ambient Faller de X\u00e0tiva.<br>Ambient Faller, amb la seua \u00e0mplia experi\u00e8ncia i dedicaci\u00f3 en el m\u00f3n faller, ha sigut seleccionada per a proveir els vestits que ressaltaran la bellesa i tradici\u00f3 de les nostres representants.<\/p>\n\n\n\n<iframe loading=\"lazy\" title=\"Alzira entrega  la indumentaria fallera para el ejercicio 2023\" width=\"1104\" height=\"621\" src=\"https:\/\/www.youtube.com\/embed\/F-9jlXQKnZ8?feature=oembed\" frameborder=\"0\" allow=\"accelerometer; autoplay; clipboard-write; encrypted-media; gyroscope; picture-in-picture; web-share\" allowfullscreen><\/iframe>\n\n\n\n<p> Estem emocionats per aquesta col\u00b7laboraci\u00f3 i assegurances que Ambient Faller oferir\u00e0 dissenys excepcionals per a lluir durant les festes falleres del pr\u00f2xim any.<\/p>\n\n\n\n<p>Atentament,<br>Junta Local Fallera d&#8217;Alzira.<\/p>\n","protected":false},"excerpt":{"rendered":"<p>Comunicat important de JLF Alzira La Junta Local Fallera d&#8217;Alzira es complau a anunciar que la indument\u00e0ria oficial dels vestits de les Falleres Majors i Cort d&#8217;Honor de l&#8217;any 2024 ser\u00e0 subministrada exclusivament per la reconeguda botiga Ambient Faller de X\u00e0tiva.Ambient Faller, amb la seua \u00e0mplia experi\u00e8ncia i dedicaci\u00f3 en el m\u00f3n faller, ha sigut [&hellip;]<\/p>\n","protected":false},"author":4,"featured_media":24687,"comment_status":"open","ping_status":"open","sticky":false,"template":"","format":"standard","meta":[],"categories":[93],"tags":[46,44,109,333,52],"aioseo_notices":[],"_links":{"self":[{"href":"http:\/\/www.tele9.es\/telealzira\/wp-json\/wp\/v2\/posts\/24684"}],"collection":[{"href":"http:\/\/www.tele9.es\/telealzira\/wp-json\/wp\/v2\/posts"}],"about":[{"href":"http:\/\/www.tele9.es\/telealzira\/wp-json\/wp\/v2\/types\/post"}],"author":[{"embeddable":true,"href":"http:\/\/www.tele9.es\/telealzira\/wp-json\/wp\/v2\/users\/4"}],"replies":[{"embeddable":true,"href":"http:\/\/www.tele9.es\/telealzira\/wp-json\/wp\/v2\/comments?post=24684"}],"version-history":[{"count":3,"href":"http:\/\/www.tele9.es\/telealzira\/wp-json\/wp\/v2\/posts\/24684\/revisions"}],"predecessor-version":[{"id":24688,"href":"http:\/\/www.tele9.es\/telealzira\/wp-json\/wp\/v2\/posts\/24684\/revisions\/24688"}],"wp:featuredmedia":[{"embeddable":true,"href":"http:\/\/www.tele9.es\/telealzira\/wp-json\/wp\/v2\/media\/24687"}],"wp:attachment":[{"href":"http:\/\/www.tele9.es\/telealzira\/wp-json\/wp\/v2\/media?parent=24684"}],"wp:term":[{"taxonomy":"category","embeddable":true,"href":"http:\/\/www.tele9.es\/telealzira\/wp-json\/wp\/v2\/categories?post=24684"},{"taxonomy":"post_tag","embeddable":true,"href":"http:\/\/www.tele9.es\/telealzira\/wp-json\/wp\/v2\/tags?post=24684"}],"curies":[{"name":"wp","href":"https:\/\/api.w.org\/{rel}","templated":true}]}}