{"id":19517,"date":"2022-02-23T22:37:49","date_gmt":"2022-02-23T22:37:49","guid":{"rendered":"http:\/\/www.tele9.es\/telealzira\/?p=19517"},"modified":"2022-02-23T22:37:50","modified_gmt":"2022-02-23T22:37:50","slug":"facundo-botija-continuara-como-presidente-en-la-rabosa","status":"publish","type":"post","link":"https:\/\/www.tele9.es\/telealzira\/2022\/02\/23\/facundo-botija-continuara-como-presidente-en-la-rabosa\/","title":{"rendered":"Facundo Botija continuar\u00e1  como presidente en La Rabosa"},"content":{"rendered":"\n<h2>Facundo Botija continuar\u00e1 su s\u00e9ptima etapa al frente del club  de Atletismo LA RABOSA como presidente del club.<\/h2>\n\n\n\n<p> Nueva composici\u00f3n de la Junta Directiva del Club d&#8217;Atletisme LA RABOSA d&#8217;Alzira, surgida a ra\u00edz de la finalizaci\u00f3n del proceso electoral que culmin\u00f3 el pasado 14 de febrero de 2022, con la elecci\u00f3n de los siguientes miembros del Club:<br>PRESIDENTE: Facundo Botija Carri\u00f3n<br>VICEPRESIDENTA: Consuelo Casta\u00f1o Br\u00eda<br>SECRETARIO: Jos\u00e9 Manuel Rubio Albentosa<br>TESORERO: Jos\u00e9 Antonio Botija Botija<br>VOCALES: Manuel Sempere Casanoves, Sebastiana Gonz\u00e1lez Lago, \u00c1ngel N\u00fa\u00f1ez Vidal, M\u00aa Jos\u00e9 Soriano Laurent, A. Alfredo G\u00f3mez B\u00e1guena, Francisco Jos\u00e9 Botija Botija, Miguel L. Davis Sainz de Rozas, Juan Antonio Mart\u00ednez Gim\u00e9nez, Raquel Dolz Cardona, David Moscard\u00f3 Parada, Mar\u00eda G\u00f3mez Ferrer, Salvador Juan Mira y Valent\u00edn Manzano D\u00edaz.<\/p>\n\n\n\n<p><br>Continuar\u00e1 pues durante cuatro a\u00f1os m\u00e1s como Presidente Facundo Botija, en \u00e9sta su s\u00e9ptima etapa al frente del club LA RABOSA, arropado por pr\u00e1cticamente la totalidad de la pasada Junta. Con la intenci\u00f3n de seguir trabajando por el fomento y la pr\u00e1ctica en nuestra<br>ciudad del atletismo en particular y el deporte en general y esperando contar, como siempre, con la inestimable colaboraci\u00f3n de todos los medios de comunicaci\u00f3n, con la difusi\u00f3n de las<br>actividades que durante todo el a\u00f1o se celebran en Alzira y de las competiciones y resultados de nuestros atletas.<\/p>\n\n\n\n<p><br>En la actualidad el Club d\u2019atletisme LA RABOSA cuenta con m\u00e1s de 500 socios de pleno derecho, que junto a la nueva junta directiva, continuar\u00e1n trabajando para conseguir que las instalaciones atl\u00e9ticas de nuestra ciudad puedan llegar a ser de completa utilidad, tanto para los<br>atletas m\u00e1s cualificados del club con la pista tartan, como para todos los ciudadanos de nuestra poblaci\u00f3n que deseen practicar la carrera a pie en un circuito de tierra adecuado.<\/p>\n\n\n\n<div class=\"wp-block-image\"><figure class=\"alignright size-large\"><img loading=\"lazy\" width=\"871\" height=\"739\" src=\"http:\/\/www.tele9.es\/telealzira\/wp-content\/uploads\/2022\/02\/Screenshot_20220223-233141_Google.jpg\" alt=\"\" class=\"wp-image-19521\" srcset=\"https:\/\/www.tele9.es\/telealzira\/wp-content\/uploads\/2022\/02\/Screenshot_20220223-233141_Google.jpg 871w, https:\/\/www.tele9.es\/telealzira\/wp-content\/uploads\/2022\/02\/Screenshot_20220223-233141_Google-300x255.jpg 300w, https:\/\/www.tele9.es\/telealzira\/wp-content\/uploads\/2022\/02\/Screenshot_20220223-233141_Google-768x652.jpg 768w\" sizes=\"(max-width: 871px) 100vw, 871px\" \/><\/figure><\/div>\n\n\n\n<p> Esperando que esta nueva etapa de cuatro a\u00f1os se culmine cumpliendo todos nuestros objetivos.<br><\/p>\n\n\n\n<p> Junta Directiva de LA RABOSA<\/p>\n","protected":false},"excerpt":{"rendered":"<p>Facundo Botija continuar\u00e1 su s\u00e9ptima etapa al frente del club de Atletismo LA RABOSA como presidente del club. Nueva composici\u00f3n de la Junta Directiva del Club d&#8217;Atletisme LA RABOSA d&#8217;Alzira, surgida a ra\u00edz de la finalizaci\u00f3n del proceso electoral que culmin\u00f3 el pasado 14 de febrero de 2022, con la elecci\u00f3n de los siguientes miembros [&hellip;]<\/p>\n","protected":false},"author":4,"featured_media":19518,"comment_status":"open","ping_status":"open","sticky":false,"template":"","format":"standard","meta":[],"categories":[93,95,33,21,40],"tags":[46,88,2123,2046,2122,660],"aioseo_notices":[],"_links":{"self":[{"href":"https:\/\/www.tele9.es\/telealzira\/wp-json\/wp\/v2\/posts\/19517"}],"collection":[{"href":"https:\/\/www.tele9.es\/telealzira\/wp-json\/wp\/v2\/posts"}],"about":[{"href":"https:\/\/www.tele9.es\/telealzira\/wp-json\/wp\/v2\/types\/post"}],"author":[{"embeddable":true,"href":"https:\/\/www.tele9.es\/telealzira\/wp-json\/wp\/v2\/users\/4"}],"replies":[{"embeddable":true,"href":"https:\/\/www.tele9.es\/telealzira\/wp-json\/wp\/v2\/comments?post=19517"}],"version-history":[{"count":2,"href":"https:\/\/www.tele9.es\/telealzira\/wp-json\/wp\/v2\/posts\/19517\/revisions"}],"predecessor-version":[{"id":19522,"href":"https:\/\/www.tele9.es\/telealzira\/wp-json\/wp\/v2\/posts\/19517\/revisions\/19522"}],"wp:featuredmedia":[{"embeddable":true,"href":"https:\/\/www.tele9.es\/telealzira\/wp-json\/wp\/v2\/media\/19518"}],"wp:attachment":[{"href":"https:\/\/www.tele9.es\/telealzira\/wp-json\/wp\/v2\/media?parent=19517"}],"wp:term":[{"taxonomy":"category","embeddable":true,"href":"https:\/\/www.tele9.es\/telealzira\/wp-json\/wp\/v2\/categories?post=19517"},{"taxonomy":"post_tag","embeddable":true,"href":"https:\/\/www.tele9.es\/telealzira\/wp-json\/wp\/v2\/tags?post=19517"}],"curies":[{"name":"wp","href":"https:\/\/api.w.org\/{rel}","templated":true}]}}